{"id":82,"date":"2024-09-27T12:13:16","date_gmt":"2024-09-27T10:13:16","guid":{"rendered":"https:\/\/www.ekomagazin.si\/index.php\/2024\/09\/27\/za-urejen-videz-je-barva-za-obrvi-v-resnici-zelo-pomembna\/"},"modified":"2024-09-27T12:13:16","modified_gmt":"2024-09-27T10:13:16","slug":"za-urejen-videz-je-barva-za-obrvi-v-resnici-zelo-pomembna","status":"publish","type":"post","link":"https:\/\/www.ekomagazin.si\/index.php\/2024\/09\/27\/za-urejen-videz-je-barva-za-obrvi-v-resnici-zelo-pomembna\/","title":{"rendered":"Za urejen videz je barva za obrvi v resnici zelo pomembna"},"content":{"rendered":"<p align=\"justify\">Danes je barva za obrvi vedno bolj aktualna in zdi se mi, da je tudi vedno ve\u010d punc, ki pose\u017eejo po tak\u0161nih izdelkih. Predvsem so to punce, ki imajo zelo svetle in neizrazite obrvi ali pa tak\u0161ne, ki imajo redke in neenakomerne obrvi \u017ee po sami naravi, ali pa so si v\u010dasih preve\u010d pulile in red\u010dile, da jim sedaj ne rastejo ve\u010d. \u0160e posebej pa se <a href=\"https:\/\/neyes.si\">barva za obrvi<\/a> dobro obnese pri tistih, ki imajo zelo aktiven \u017eivljenjski slog, saj jim to zelo olaj\u0161a vsakodnevno li\u010denje, saj lahko tak\u0161na barva zdr\u017ei tudi do ve\u010d tednov. Navsezadnje so na\u0161e obrvi zelo pomembne in je dobro, da jim namenimo nekaj pozornosti, saj:<\/p>\n<ol>\n<li>\u0160\u010ditijo o\u010di pred znojem, de\u017ejem in drugimi teko\u010dinam, ki lahko kapljajo s \u010dela. Tako lahko obrvi usmerjeno tak\u0161ne teko\u010dine stran iz o\u010di.<\/li>\n<li>Tudi preko obrvi izra\u017eamo \u010dustva, saj njihova oblika in gibanje prispevata k neverbalni komunikaciji.\u00a0<\/li>\n<li>Obrvi, ki so lepo estetsko urejene, lahko tudi uravnote\u017eijo obrazne poteze in tako ustvarijo lep\u0161i videz.<\/li>\n<li>Mo\u010dno pripomorejo tudi k prepoznavnosti obraza, saj si jih nezavedno zaznavamo in si jih zapomnimo. Zato velikokrat tudi hitro opazimo, \u010de si je kdo uredil obrvi kako druga\u010de, saj se nam zdijo nekoliko nenavadne.<\/li>\n<\/ol>\n<p align=\"justify\">Je pa tudi ogromno modnih smernic, ki narekujejo katere sotrenutno aktualne oblike obrvi. Pri temu je barva za obrvi idealna, saj ne posega toliko v na\u0161o naravno strukturo obrvi, saj ta ni do\u017eivljenjska, kot pa tudi moda ne.<\/p>\n<p align=\"justify\"><img loading=\"lazy\" decoding=\"async\" width=\"1600\" height=\"900\" class=\"size-full wp-image-81 aligncenter\" src=\"https:\/\/www.ekomagazin.si\/wp-content\/uploads\/2024\/09\/za-urejen-videz-je-barva-za-obrvi-v-resnici-zelo-pomembna.jpg\" alt=\"Za urejen videz je barva za obrvi v resnici zelo pomembna\" srcset=\"https:\/\/www.ekomagazin.si\/wp-content\/uploads\/2024\/09\/za-urejen-videz-je-barva-za-obrvi-v-resnici-zelo-pomembna.jpg 1600w, https:\/\/www.ekomagazin.si\/wp-content\/uploads\/2024\/09\/za-urejen-videz-je-barva-za-obrvi-v-resnici-zelo-pomembna-300x169.jpg 300w, https:\/\/www.ekomagazin.si\/wp-content\/uploads\/2024\/09\/za-urejen-videz-je-barva-za-obrvi-v-resnici-zelo-pomembna-1024x576.jpg 1024w, https:\/\/www.ekomagazin.si\/wp-content\/uploads\/2024\/09\/za-urejen-videz-je-barva-za-obrvi-v-resnici-zelo-pomembna-768x432.jpg 768w, https:\/\/www.ekomagazin.si\/wp-content\/uploads\/2024\/09\/za-urejen-videz-je-barva-za-obrvi-v-resnici-zelo-pomembna-1536x864.jpg 1536w, https:\/\/www.ekomagazin.si\/wp-content\/uploads\/2024\/09\/za-urejen-videz-je-barva-za-obrvi-v-resnici-zelo-pomembna-1568x882.jpg 1568w\" sizes=\"auto, (max-width: 1600px) 100vw, 1600px\" \/><\/p>\n<p align=\"justify\">Na tak\u0161en na\u010din lahko tudi malo eksperimentiramo in preizkusimo kaj nam pa\u0161e in kaj nam je v\u0161e\u010d ali ne. Tako lahko la\u017eje najdemo kombinacijo, ki pa\u0161e k na\u0161emu karakterju in naravi, saj lahko \u017ee z najmanj\u0161o potezo ustvarimo zelo druga\u010den videz.<\/p>\n","protected":false},"excerpt":{"rendered":"<p>Danes je barva za obrvi vedno bolj aktualna in zdi se mi, da je tudi vedno ve\u010d punc, ki pose\u017eejo po tak\u0161nih izdelkih. Predvsem so to punce, ki imajo zelo svetle in neizrazite obrvi ali pa tak\u0161ne, ki imajo redke in neenakomerne obrvi \u017ee po sami naravi, ali pa so si v\u010dasih preve\u010d pulile in &hellip; <\/p>\n<p class=\"link-more\"><a href=\"https:\/\/www.ekomagazin.si\/index.php\/2024\/09\/27\/za-urejen-videz-je-barva-za-obrvi-v-resnici-zelo-pomembna\/\" class=\"more-link\">Continue reading<span class=\"screen-reader-text\"> &#8220;Za urejen videz je barva za obrvi v resnici zelo pomembna&#8221;<\/span><\/a><\/p>\n","protected":false},"author":1,"featured_media":0,"comment_status":"closed","ping_status":"open","sticky":false,"template":"","format":"standard","meta":{"footnotes":""},"categories":[182],"tags":[183,184,185,186,187],"class_list":["post-82","post","type-post","status-publish","format-standard","hentry","category-barva-za-obrvi","tag-barva-za-obrvi","tag-modni-trendi-obrvi","tag-naravna-barva-obrvi","tag-obrvi","tag-urejanje-obrvi","entry"],"aioseo_notices":[],"_links":{"self":[{"href":"https:\/\/www.ekomagazin.si\/index.php\/wp-json\/wp\/v2\/posts\/82","targetHints":{"allow":["GET"]}}],"collection":[{"href":"https:\/\/www.ekomagazin.si\/index.php\/wp-json\/wp\/v2\/posts"}],"about":[{"href":"https:\/\/www.ekomagazin.si\/index.php\/wp-json\/wp\/v2\/types\/post"}],"author":[{"embeddable":true,"href":"https:\/\/www.ekomagazin.si\/index.php\/wp-json\/wp\/v2\/users\/1"}],"replies":[{"embeddable":true,"href":"https:\/\/www.ekomagazin.si\/index.php\/wp-json\/wp\/v2\/comments?post=82"}],"version-history":[{"count":0,"href":"https:\/\/www.ekomagazin.si\/index.php\/wp-json\/wp\/v2\/posts\/82\/revisions"}],"wp:attachment":[{"href":"https:\/\/www.ekomagazin.si\/index.php\/wp-json\/wp\/v2\/media?parent=82"}],"wp:term":[{"taxonomy":"category","embeddable":true,"href":"https:\/\/www.ekomagazin.si\/index.php\/wp-json\/wp\/v2\/categories?post=82"},{"taxonomy":"post_tag","embeddable":true,"href":"https:\/\/www.ekomagazin.si\/index.php\/wp-json\/wp\/v2\/tags?post=82"}],"curies":[{"name":"wp","href":"https:\/\/api.w.org\/{rel}","templated":true}]}}